{"id":6970,"date":"2025-04-24T08:34:30","date_gmt":"2025-04-24T13:34:30","guid":{"rendered":"https:\/\/chiquintad.gob.ec\/?p=6970"},"modified":"2025-04-24T08:34:30","modified_gmt":"2025-04-24T13:34:30","slug":"invitacion-a-la-gran-minga-comunitaria","status":"publish","type":"post","link":"https:\/\/chiquintad.gob.ec\/?p=6970","title":{"rendered":"INVITACI\u00d3N A LA GRAN MINGA COMUNITARIA"},"content":{"rendered":"<p>Cordialmente invitados todos los propietarios de predios del sector y a quienes hacen uso del camino de herradura que conduce a las partes altas de la parroquia, a participar en la Gran Minga de Recuperaci\u00f3n del Camino de Herradura, desde la Capilla de Lirio hasta Corrales.<br class=\"html-br\" \/><span class=\"html-span xexx8yu x4uap5 x18d9i69 xkhd6sd x1hl2dhg x16tdsg8 x1vvkbs x3nfvp2 x1j61x8r x1fcty0u xdj266r xat24cr xgzva0m xhhsvwb xxymvpz xlup9mm x1kky2od\"><img loading=\"lazy\" decoding=\"async\" class=\"xz74otr x168nmei x13lgxp2 x5pf9jr xo71vjh\" src=\"https:\/\/static.xx.fbcdn.net\/images\/emoji.php\/v9\/t2f\/1\/16\/1f557.png\" alt=\"\ud83d\udd57\" width=\"16\" height=\"16\" \/><\/span>\u00a0Hora de concentraci\u00f3n: 08h00<br class=\"html-br\" \/><span class=\"html-span xexx8yu x4uap5 x18d9i69 xkhd6sd x1hl2dhg x16tdsg8 x1vvkbs x3nfvp2 x1j61x8r x1fcty0u xdj266r xat24cr xgzva0m xhhsvwb xxymvpz xlup9mm x1kky2od\"><img loading=\"lazy\" decoding=\"async\" class=\"xz74otr x168nmei x13lgxp2 x5pf9jr xo71vjh\" src=\"https:\/\/static.xx.fbcdn.net\/images\/emoji.php\/v9\/t2d\/1\/16\/1f4cd.png\" alt=\"\ud83d\udccd\" width=\"16\" height=\"16\" \/><\/span>\u00a0Lugar: Capilla de Lirio<br class=\"html-br\" \/>Contaremos con la participaci\u00f3n de todo nuestro equipo de mantenimiento vial del GAD Parroquial, quienes se sumar\u00e1n a este esfuerzo colectivo por mejorar nuestras v\u00edas de acceso.<br class=\"html-br\" \/>Adem\u00e1s, por iniciativa de los organizadores; Se\u00f1ores Miguel Arias, Juan Riera y otros, compartiremos una pampa mesa con el tradicional fiambre, como muestra de agradecimiento y fraternidad comunitaria.<br class=\"html-br\" \/>Herramientas necesarias: machetes, guada\u00f1as, motosierras y cualquier otro implemento \u00fatil para la jornada.<br class=\"html-br\" \/>\u00a1Contamos con su valiosa participaci\u00f3n para seguir construyendo juntos el bienestar de nuestra parroquia!<\/p>\n<div data-carousel-extra='{\"blog_id\":1,\"permalink\":\"https:\\\/\\\/chiquintad.gob.ec\\\/?p=6970\"}' class=\"tiled-gallery type-rectangular\" data-original-width=\"500\"><div class=\"gallery-row\" style=\"width: 495px; height: 542px;\"><div class=\"gallery-group images-1\" style=\"width: 495px; height: 546px;\"><div class=\"tiled-gallery-item tiled-gallery-item-large\"><a href=\"https:\/\/chiquintad.gob.ec\/?attachment_id=6971\"><img loading=\"lazy\" decoding=\"async\" data-attachment-id=\"6971\" data-orig-file=\"https:\/\/chiquintad.gob.ec\/wp-content\/uploads\/2025\/04\/493291770_1088032993351060_520635386458863180_n.jpg\" data-orig-size=\"1155,1274\" data-comments-opened=\"0\" data-image-meta=\"{&quot;aperture&quot;:&quot;0&quot;,&quot;credit&quot;:&quot;&quot;,&quot;camera&quot;:&quot;&quot;,&quot;caption&quot;:&quot;&quot;,&quot;created_timestamp&quot;:&quot;0&quot;,&quot;copyright&quot;:&quot;&quot;,&quot;focal_length&quot;:&quot;0&quot;,&quot;iso&quot;:&quot;0&quot;,&quot;shutter_speed&quot;:&quot;0&quot;,&quot;title&quot;:&quot;&quot;,&quot;orientation&quot;:&quot;0&quot;}\" data-image-title=\"493291770_1088032993351060_520635386458863180_n\" data-image-description=\"\" data-medium-file=\"https:\/\/chiquintad.gob.ec\/wp-content\/uploads\/2025\/04\/493291770_1088032993351060_520635386458863180_n-550x607.jpg\" data-large-file=\"https:\/\/chiquintad.gob.ec\/wp-content\/uploads\/2025\/04\/493291770_1088032993351060_520635386458863180_n-928x1024.jpg\" src=\"https:\/\/chiquintad.gob.ec\/wp-content\/uploads\/2025\/04\/493291770_1088032993351060_520635386458863180_n-491x542.jpg\" width=\"491\" height=\"542\" align=\"left\" title=\"493291770_1088032993351060_520635386458863180_n\" \/><\/a><\/div><\/div><\/div><\/div>\n","protected":false},"excerpt":{"rendered":"<p>Cordialmente invitados todos los propietarios de predios del sector y a quienes hacen uso del camino de herradura que conduce a las partes altas de la parroquia, a participar en la Gran Minga de Recuperaci\u00f3n del Camino de Herradura, desde la Capilla de Lirio hasta Corrales.\u00a0Hora de concentraci\u00f3n: 08h00\u00a0Lugar: Capilla de LirioContaremos con la participaci\u00f3n [&hellip;]<\/p>\n","protected":false},"author":9,"featured_media":6971,"comment_status":"closed","ping_status":"closed","sticky":false,"template":"","format":"standard","meta":{"footnotes":""},"categories":[1],"tags":[],"class_list":["post-6970","post","type-post","status-publish","format-standard","has-post-thumbnail","hentry","category-sin-categoria"],"_links":{"self":[{"href":"https:\/\/chiquintad.gob.ec\/index.php?rest_route=\/wp\/v2\/posts\/6970","targetHints":{"allow":["GET"]}}],"collection":[{"href":"https:\/\/chiquintad.gob.ec\/index.php?rest_route=\/wp\/v2\/posts"}],"about":[{"href":"https:\/\/chiquintad.gob.ec\/index.php?rest_route=\/wp\/v2\/types\/post"}],"author":[{"embeddable":true,"href":"https:\/\/chiquintad.gob.ec\/index.php?rest_route=\/wp\/v2\/users\/9"}],"replies":[{"embeddable":true,"href":"https:\/\/chiquintad.gob.ec\/index.php?rest_route=%2Fwp%2Fv2%2Fcomments&post=6970"}],"version-history":[{"count":1,"href":"https:\/\/chiquintad.gob.ec\/index.php?rest_route=\/wp\/v2\/posts\/6970\/revisions"}],"predecessor-version":[{"id":6972,"href":"https:\/\/chiquintad.gob.ec\/index.php?rest_route=\/wp\/v2\/posts\/6970\/revisions\/6972"}],"wp:featuredmedia":[{"embeddable":true,"href":"https:\/\/chiquintad.gob.ec\/index.php?rest_route=\/wp\/v2\/media\/6971"}],"wp:attachment":[{"href":"https:\/\/chiquintad.gob.ec\/index.php?rest_route=%2Fwp%2Fv2%2Fmedia&parent=6970"}],"wp:term":[{"taxonomy":"category","embeddable":true,"href":"https:\/\/chiquintad.gob.ec\/index.php?rest_route=%2Fwp%2Fv2%2Fcategories&post=6970"},{"taxonomy":"post_tag","embeddable":true,"href":"https:\/\/chiquintad.gob.ec\/index.php?rest_route=%2Fwp%2Fv2%2Ftags&post=6970"}],"curies":[{"name":"wp","href":"https:\/\/api.w.org\/{rel}","templated":true}]}}